{"id":873,"date":"2025-03-21T10:48:31","date_gmt":"2025-03-21T09:48:31","guid":{"rendered":"https:\/\/www.park-indigo.ch\/?p=873"},"modified":"2025-03-23T18:06:07","modified_gmt":"2025-03-23T17:06:07","slug":"neue-ladestationen-fuer-elektrofahrzeuge-auf-unseren-parkhaeusern-in-lausanne","status":"publish","type":"post","link":"https:\/\/www.park-indigo.ch\/de\/2025\/03\/21\/neue-ladestationen-fuer-elektrofahrzeuge-auf-unseren-parkhaeusern-in-lausanne\/","title":{"rendered":"Neue Ladestationen f\u00fcr Elektrofahrzeuge auf unseren Parkh\u00e4usern in Lausanne"},"content":{"rendered":"\n<p>Nutzen Sie die neuen DC44kW-Ladestationen auf den Parkh\u00e4usern Centre-Flon, Port d&#8217;Ouchy und Mon Repos. Diese Schnellladestationen erg\u00e4nzen unser aktuelles Angebot von 40 Stationen, die auf diese 3 Lausanner Parkh\u00e4user verteilt sind.<\/p>\n","protected":false},"excerpt":{"rendered":"<p>Nutzen Sie die neuen DC44kW-Ladestationen auf den Parkh\u00e4usern Centre-Flon, Port d&#8217;Ouchy und Mon Repos. Diese Schnellladestationen erg\u00e4nzen unser aktuelles Angebot von 40 Stationen, die auf diese 3 Lausanner Parkh\u00e4user verteilt sind.<\/p>\n","protected":false},"author":25,"featured_media":239,"comment_status":"closed","ping_status":"closed","sticky":false,"template":"","format":"standard","meta":{"_acf_changed":false,"inline_featured_image":false,"footnotes":""},"categories":[15],"tags":[],"class_list":["post-873","post","type-post","status-publish","format-standard","has-post-thumbnail","hentry","category-aktuelles"],"acf":[],"yoast_head":"<!-- This site is optimized with the Yoast SEO plugin v27.2 - https:\/\/yoast.com\/product\/yoast-seo-wordpress\/ -->\n<title>Neue Ladestationen f\u00fcr Elektrofahrzeuge auf unseren Parkh\u00e4usern in Lausanne - INDIGO Suisse<\/title>\n<meta name=\"robots\" content=\"index, follow, max-snippet:-1, max-image-preview:large, max-video-preview:-1\" \/>\n<link rel=\"canonical\" href=\"https:\/\/www.park-indigo.ch\/de\/2025\/03\/21\/neue-ladestationen-fuer-elektrofahrzeuge-auf-unseren-parkhaeusern-in-lausanne\/\" \/>\n<meta property=\"og:locale\" content=\"de_DE\" \/>\n<meta property=\"og:type\" content=\"article\" \/>\n<meta property=\"og:title\" content=\"Neue Ladestationen f\u00fcr Elektrofahrzeuge auf unseren Parkh\u00e4usern in Lausanne - INDIGO Suisse\" \/>\n<meta property=\"og:description\" content=\"Nutzen Sie die neuen DC44kW-Ladestationen auf den Parkh\u00e4usern Centre-Flon, Port d&#8217;Ouchy und Mon Repos. Diese Schnellladestationen erg\u00e4nzen unser aktuelles Angebot von 40 Stationen, die auf diese 3 Lausanner Parkh\u00e4user verteilt sind.\" \/>\n<meta property=\"og:url\" content=\"https:\/\/www.park-indigo.ch\/de\/2025\/03\/21\/neue-ladestationen-fuer-elektrofahrzeuge-auf-unseren-parkhaeusern-in-lausanne\/\" \/>\n<meta property=\"og:site_name\" content=\"INDIGO Suisse\" \/>\n<meta property=\"article:published_time\" content=\"2025-03-21T09:48:31+00:00\" \/>\n<meta property=\"article:modified_time\" content=\"2025-03-23T17:06:07+00:00\" \/>\n<meta property=\"og:image\" content=\"https:\/\/www.park-indigo.ch\/wp-content\/uploads\/sites\/8\/2025\/02\/Service-5-recharge-1024x682.png\" \/>\n\t<meta property=\"og:image:width\" content=\"1024\" \/>\n\t<meta property=\"og:image:height\" content=\"682\" \/>\n\t<meta property=\"og:image:type\" content=\"image\/png\" \/>\n<meta name=\"author\" content=\"ronanpichard\" \/>\n<meta name=\"twitter:card\" content=\"summary_large_image\" \/>\n<meta name=\"twitter:label1\" content=\"Verfasst von\" \/>\n\t<meta name=\"twitter:data1\" content=\"ronanpichard\" \/>\n\t<meta name=\"twitter:label2\" content=\"Gesch\u00e4tzte Lesezeit\" \/>\n\t<meta name=\"twitter:data2\" content=\"1\u00a0Minute\" \/>\n<script type=\"application\/ld+json\" class=\"yoast-schema-graph\">{\"@context\":\"https:\/\/schema.org\",\"@graph\":[{\"@type\":\"Article\",\"@id\":\"https:\/\/www.park-indigo.ch\/de\/2025\/03\/21\/neue-ladestationen-fuer-elektrofahrzeuge-auf-unseren-parkhaeusern-in-lausanne\/#article\",\"isPartOf\":{\"@id\":\"https:\/\/www.park-indigo.ch\/de\/2025\/03\/21\/neue-ladestationen-fuer-elektrofahrzeuge-auf-unseren-parkhaeusern-in-lausanne\/\"},\"author\":{\"name\":\"ronanpichard\",\"@id\":\"https:\/\/www.park-indigo.ch\/de\/#\/schema\/person\/93f0584f50fd7665c30246db3e96fcb2\"},\"headline\":\"Neue Ladestationen f\u00fcr Elektrofahrzeuge auf unseren Parkh\u00e4usern in Lausanne\",\"datePublished\":\"2025-03-21T09:48:31+00:00\",\"dateModified\":\"2025-03-23T17:06:07+00:00\",\"mainEntityOfPage\":{\"@id\":\"https:\/\/www.park-indigo.ch\/de\/2025\/03\/21\/neue-ladestationen-fuer-elektrofahrzeuge-auf-unseren-parkhaeusern-in-lausanne\/\"},\"wordCount\":45,\"publisher\":{\"@id\":\"https:\/\/www.park-indigo.ch\/de\/#organization\"},\"image\":{\"@id\":\"https:\/\/www.park-indigo.ch\/de\/2025\/03\/21\/neue-ladestationen-fuer-elektrofahrzeuge-auf-unseren-parkhaeusern-in-lausanne\/#primaryimage\"},\"thumbnailUrl\":\"https:\/\/www.park-indigo.ch\/wp-content\/uploads\/sites\/8\/2025\/02\/Service-5-recharge.png\",\"articleSection\":[\"Aktuelles\"],\"inLanguage\":\"de\"},{\"@type\":\"WebPage\",\"@id\":\"https:\/\/www.park-indigo.ch\/de\/2025\/03\/21\/neue-ladestationen-fuer-elektrofahrzeuge-auf-unseren-parkhaeusern-in-lausanne\/\",\"url\":\"https:\/\/www.park-indigo.ch\/de\/2025\/03\/21\/neue-ladestationen-fuer-elektrofahrzeuge-auf-unseren-parkhaeusern-in-lausanne\/\",\"name\":\"Neue Ladestationen f\u00fcr Elektrofahrzeuge auf unseren Parkh\u00e4usern in Lausanne - INDIGO Suisse\",\"isPartOf\":{\"@id\":\"https:\/\/www.park-indigo.ch\/de\/#website\"},\"primaryImageOfPage\":{\"@id\":\"https:\/\/www.park-indigo.ch\/de\/2025\/03\/21\/neue-ladestationen-fuer-elektrofahrzeuge-auf-unseren-parkhaeusern-in-lausanne\/#primaryimage\"},\"image\":{\"@id\":\"https:\/\/www.park-indigo.ch\/de\/2025\/03\/21\/neue-ladestationen-fuer-elektrofahrzeuge-auf-unseren-parkhaeusern-in-lausanne\/#primaryimage\"},\"thumbnailUrl\":\"https:\/\/www.park-indigo.ch\/wp-content\/uploads\/sites\/8\/2025\/02\/Service-5-recharge.png\",\"datePublished\":\"2025-03-21T09:48:31+00:00\",\"dateModified\":\"2025-03-23T17:06:07+00:00\",\"breadcrumb\":{\"@id\":\"https:\/\/www.park-indigo.ch\/de\/2025\/03\/21\/neue-ladestationen-fuer-elektrofahrzeuge-auf-unseren-parkhaeusern-in-lausanne\/#breadcrumb\"},\"inLanguage\":\"de\",\"potentialAction\":[{\"@type\":\"ReadAction\",\"target\":[\"https:\/\/www.park-indigo.ch\/de\/2025\/03\/21\/neue-ladestationen-fuer-elektrofahrzeuge-auf-unseren-parkhaeusern-in-lausanne\/\"]}]},{\"@type\":\"ImageObject\",\"inLanguage\":\"de\",\"@id\":\"https:\/\/www.park-indigo.ch\/de\/2025\/03\/21\/neue-ladestationen-fuer-elektrofahrzeuge-auf-unseren-parkhaeusern-in-lausanne\/#primaryimage\",\"url\":\"https:\/\/www.park-indigo.ch\/wp-content\/uploads\/sites\/8\/2025\/02\/Service-5-recharge.png\",\"contentUrl\":\"https:\/\/www.park-indigo.ch\/wp-content\/uploads\/sites\/8\/2025\/02\/Service-5-recharge.png\",\"width\":4928,\"height\":3280},{\"@type\":\"BreadcrumbList\",\"@id\":\"https:\/\/www.park-indigo.ch\/de\/2025\/03\/21\/neue-ladestationen-fuer-elektrofahrzeuge-auf-unseren-parkhaeusern-in-lausanne\/#breadcrumb\",\"itemListElement\":[{\"@type\":\"ListItem\",\"position\":1,\"name\":\"Accueil\",\"item\":\"https:\/\/www.park-indigo.ch\/de\/\"},{\"@type\":\"ListItem\",\"position\":2,\"name\":\"Neue Ladestationen f\u00fcr Elektrofahrzeuge auf unseren Parkh\u00e4usern in Lausanne\"}]},{\"@type\":\"WebSite\",\"@id\":\"https:\/\/www.park-indigo.ch\/de\/#website\",\"url\":\"https:\/\/www.park-indigo.ch\/de\/\",\"name\":\"INDIGO Suisse\",\"description\":\"\",\"publisher\":{\"@id\":\"https:\/\/www.park-indigo.ch\/de\/#organization\"},\"potentialAction\":[{\"@type\":\"SearchAction\",\"target\":{\"@type\":\"EntryPoint\",\"urlTemplate\":\"https:\/\/www.park-indigo.ch\/de\/?s={search_term_string}\"},\"query-input\":{\"@type\":\"PropertyValueSpecification\",\"valueRequired\":true,\"valueName\":\"search_term_string\"}}],\"inLanguage\":\"de\"},{\"@type\":\"Organization\",\"@id\":\"https:\/\/www.park-indigo.ch\/de\/#organization\",\"name\":\"INDIGO Suisse\",\"url\":\"https:\/\/www.park-indigo.ch\/de\/\",\"logo\":{\"@type\":\"ImageObject\",\"inLanguage\":\"de\",\"@id\":\"https:\/\/www.park-indigo.ch\/de\/#\/schema\/logo\/image\/\",\"url\":\"https:\/\/www.park-indigo.ch\/wp-content\/uploads\/sites\/8\/2025\/01\/login-logo.svg\",\"contentUrl\":\"https:\/\/www.park-indigo.ch\/wp-content\/uploads\/sites\/8\/2025\/01\/login-logo.svg\",\"width\":223,\"height\":49,\"caption\":\"INDIGO Suisse\"},\"image\":{\"@id\":\"https:\/\/www.park-indigo.ch\/de\/#\/schema\/logo\/image\/\"}},{\"@type\":\"Person\",\"@id\":\"https:\/\/www.park-indigo.ch\/de\/#\/schema\/person\/93f0584f50fd7665c30246db3e96fcb2\",\"name\":\"ronanpichard\",\"image\":{\"@type\":\"ImageObject\",\"inLanguage\":\"de\",\"@id\":\"https:\/\/secure.gravatar.com\/avatar\/ba6861676481314e944f89d3f0132d837e36dd2da1407461ca5f29a4980f02f4?s=96&d=mm&r=g\",\"url\":\"https:\/\/secure.gravatar.com\/avatar\/ba6861676481314e944f89d3f0132d837e36dd2da1407461ca5f29a4980f02f4?s=96&d=mm&r=g\",\"contentUrl\":\"https:\/\/secure.gravatar.com\/avatar\/ba6861676481314e944f89d3f0132d837e36dd2da1407461ca5f29a4980f02f4?s=96&d=mm&r=g\",\"caption\":\"ronanpichard\"},\"url\":\"https:\/\/www.park-indigo.ch\/de\/author\/ronanpichard\/\"}]}<\/script>\n<!-- \/ Yoast SEO plugin. -->","yoast_head_json":{"title":"Neue Ladestationen f\u00fcr Elektrofahrzeuge auf unseren Parkh\u00e4usern in Lausanne - INDIGO Suisse","robots":{"index":"index","follow":"follow","max-snippet":"max-snippet:-1","max-image-preview":"max-image-preview:large","max-video-preview":"max-video-preview:-1"},"canonical":"https:\/\/www.park-indigo.ch\/de\/2025\/03\/21\/neue-ladestationen-fuer-elektrofahrzeuge-auf-unseren-parkhaeusern-in-lausanne\/","og_locale":"de_DE","og_type":"article","og_title":"Neue Ladestationen f\u00fcr Elektrofahrzeuge auf unseren Parkh\u00e4usern in Lausanne - INDIGO Suisse","og_description":"Nutzen Sie die neuen DC44kW-Ladestationen auf den Parkh\u00e4usern Centre-Flon, Port d&#8217;Ouchy und Mon Repos. Diese Schnellladestationen erg\u00e4nzen unser aktuelles Angebot von 40 Stationen, die auf diese 3 Lausanner Parkh\u00e4user verteilt sind.","og_url":"https:\/\/www.park-indigo.ch\/de\/2025\/03\/21\/neue-ladestationen-fuer-elektrofahrzeuge-auf-unseren-parkhaeusern-in-lausanne\/","og_site_name":"INDIGO Suisse","article_published_time":"2025-03-21T09:48:31+00:00","article_modified_time":"2025-03-23T17:06:07+00:00","og_image":[{"width":1024,"height":682,"url":"https:\/\/www.park-indigo.ch\/wp-content\/uploads\/sites\/8\/2025\/02\/Service-5-recharge-1024x682.png","type":"image\/png"}],"author":"ronanpichard","twitter_card":"summary_large_image","twitter_misc":{"Verfasst von":"ronanpichard","Gesch\u00e4tzte Lesezeit":"1\u00a0Minute"},"schema":{"@context":"https:\/\/schema.org","@graph":[{"@type":"Article","@id":"https:\/\/www.park-indigo.ch\/de\/2025\/03\/21\/neue-ladestationen-fuer-elektrofahrzeuge-auf-unseren-parkhaeusern-in-lausanne\/#article","isPartOf":{"@id":"https:\/\/www.park-indigo.ch\/de\/2025\/03\/21\/neue-ladestationen-fuer-elektrofahrzeuge-auf-unseren-parkhaeusern-in-lausanne\/"},"author":{"name":"ronanpichard","@id":"https:\/\/www.park-indigo.ch\/de\/#\/schema\/person\/93f0584f50fd7665c30246db3e96fcb2"},"headline":"Neue Ladestationen f\u00fcr Elektrofahrzeuge auf unseren Parkh\u00e4usern in Lausanne","datePublished":"2025-03-21T09:48:31+00:00","dateModified":"2025-03-23T17:06:07+00:00","mainEntityOfPage":{"@id":"https:\/\/www.park-indigo.ch\/de\/2025\/03\/21\/neue-ladestationen-fuer-elektrofahrzeuge-auf-unseren-parkhaeusern-in-lausanne\/"},"wordCount":45,"publisher":{"@id":"https:\/\/www.park-indigo.ch\/de\/#organization"},"image":{"@id":"https:\/\/www.park-indigo.ch\/de\/2025\/03\/21\/neue-ladestationen-fuer-elektrofahrzeuge-auf-unseren-parkhaeusern-in-lausanne\/#primaryimage"},"thumbnailUrl":"https:\/\/www.park-indigo.ch\/wp-content\/uploads\/sites\/8\/2025\/02\/Service-5-recharge.png","articleSection":["Aktuelles"],"inLanguage":"de"},{"@type":"WebPage","@id":"https:\/\/www.park-indigo.ch\/de\/2025\/03\/21\/neue-ladestationen-fuer-elektrofahrzeuge-auf-unseren-parkhaeusern-in-lausanne\/","url":"https:\/\/www.park-indigo.ch\/de\/2025\/03\/21\/neue-ladestationen-fuer-elektrofahrzeuge-auf-unseren-parkhaeusern-in-lausanne\/","name":"Neue Ladestationen f\u00fcr Elektrofahrzeuge auf unseren Parkh\u00e4usern in Lausanne - INDIGO Suisse","isPartOf":{"@id":"https:\/\/www.park-indigo.ch\/de\/#website"},"primaryImageOfPage":{"@id":"https:\/\/www.park-indigo.ch\/de\/2025\/03\/21\/neue-ladestationen-fuer-elektrofahrzeuge-auf-unseren-parkhaeusern-in-lausanne\/#primaryimage"},"image":{"@id":"https:\/\/www.park-indigo.ch\/de\/2025\/03\/21\/neue-ladestationen-fuer-elektrofahrzeuge-auf-unseren-parkhaeusern-in-lausanne\/#primaryimage"},"thumbnailUrl":"https:\/\/www.park-indigo.ch\/wp-content\/uploads\/sites\/8\/2025\/02\/Service-5-recharge.png","datePublished":"2025-03-21T09:48:31+00:00","dateModified":"2025-03-23T17:06:07+00:00","breadcrumb":{"@id":"https:\/\/www.park-indigo.ch\/de\/2025\/03\/21\/neue-ladestationen-fuer-elektrofahrzeuge-auf-unseren-parkhaeusern-in-lausanne\/#breadcrumb"},"inLanguage":"de","potentialAction":[{"@type":"ReadAction","target":["https:\/\/www.park-indigo.ch\/de\/2025\/03\/21\/neue-ladestationen-fuer-elektrofahrzeuge-auf-unseren-parkhaeusern-in-lausanne\/"]}]},{"@type":"ImageObject","inLanguage":"de","@id":"https:\/\/www.park-indigo.ch\/de\/2025\/03\/21\/neue-ladestationen-fuer-elektrofahrzeuge-auf-unseren-parkhaeusern-in-lausanne\/#primaryimage","url":"https:\/\/www.park-indigo.ch\/wp-content\/uploads\/sites\/8\/2025\/02\/Service-5-recharge.png","contentUrl":"https:\/\/www.park-indigo.ch\/wp-content\/uploads\/sites\/8\/2025\/02\/Service-5-recharge.png","width":4928,"height":3280},{"@type":"BreadcrumbList","@id":"https:\/\/www.park-indigo.ch\/de\/2025\/03\/21\/neue-ladestationen-fuer-elektrofahrzeuge-auf-unseren-parkhaeusern-in-lausanne\/#breadcrumb","itemListElement":[{"@type":"ListItem","position":1,"name":"Accueil","item":"https:\/\/www.park-indigo.ch\/de\/"},{"@type":"ListItem","position":2,"name":"Neue Ladestationen f\u00fcr Elektrofahrzeuge auf unseren Parkh\u00e4usern in Lausanne"}]},{"@type":"WebSite","@id":"https:\/\/www.park-indigo.ch\/de\/#website","url":"https:\/\/www.park-indigo.ch\/de\/","name":"INDIGO Suisse","description":"","publisher":{"@id":"https:\/\/www.park-indigo.ch\/de\/#organization"},"potentialAction":[{"@type":"SearchAction","target":{"@type":"EntryPoint","urlTemplate":"https:\/\/www.park-indigo.ch\/de\/?s={search_term_string}"},"query-input":{"@type":"PropertyValueSpecification","valueRequired":true,"valueName":"search_term_string"}}],"inLanguage":"de"},{"@type":"Organization","@id":"https:\/\/www.park-indigo.ch\/de\/#organization","name":"INDIGO Suisse","url":"https:\/\/www.park-indigo.ch\/de\/","logo":{"@type":"ImageObject","inLanguage":"de","@id":"https:\/\/www.park-indigo.ch\/de\/#\/schema\/logo\/image\/","url":"https:\/\/www.park-indigo.ch\/wp-content\/uploads\/sites\/8\/2025\/01\/login-logo.svg","contentUrl":"https:\/\/www.park-indigo.ch\/wp-content\/uploads\/sites\/8\/2025\/01\/login-logo.svg","width":223,"height":49,"caption":"INDIGO Suisse"},"image":{"@id":"https:\/\/www.park-indigo.ch\/de\/#\/schema\/logo\/image\/"}},{"@type":"Person","@id":"https:\/\/www.park-indigo.ch\/de\/#\/schema\/person\/93f0584f50fd7665c30246db3e96fcb2","name":"ronanpichard","image":{"@type":"ImageObject","inLanguage":"de","@id":"https:\/\/secure.gravatar.com\/avatar\/ba6861676481314e944f89d3f0132d837e36dd2da1407461ca5f29a4980f02f4?s=96&d=mm&r=g","url":"https:\/\/secure.gravatar.com\/avatar\/ba6861676481314e944f89d3f0132d837e36dd2da1407461ca5f29a4980f02f4?s=96&d=mm&r=g","contentUrl":"https:\/\/secure.gravatar.com\/avatar\/ba6861676481314e944f89d3f0132d837e36dd2da1407461ca5f29a4980f02f4?s=96&d=mm&r=g","caption":"ronanpichard"},"url":"https:\/\/www.park-indigo.ch\/de\/author\/ronanpichard\/"}]}},"_links":{"self":[{"href":"https:\/\/www.park-indigo.ch\/de\/wp-json\/wp\/v2\/posts\/873","targetHints":{"allow":["GET"]}}],"collection":[{"href":"https:\/\/www.park-indigo.ch\/de\/wp-json\/wp\/v2\/posts"}],"about":[{"href":"https:\/\/www.park-indigo.ch\/de\/wp-json\/wp\/v2\/types\/post"}],"author":[{"embeddable":true,"href":"https:\/\/www.park-indigo.ch\/de\/wp-json\/wp\/v2\/users\/25"}],"replies":[{"embeddable":true,"href":"https:\/\/www.park-indigo.ch\/de\/wp-json\/wp\/v2\/comments?post=873"}],"version-history":[{"count":1,"href":"https:\/\/www.park-indigo.ch\/de\/wp-json\/wp\/v2\/posts\/873\/revisions"}],"predecessor-version":[{"id":874,"href":"https:\/\/www.park-indigo.ch\/de\/wp-json\/wp\/v2\/posts\/873\/revisions\/874"}],"wp:featuredmedia":[{"embeddable":true,"href":"https:\/\/www.park-indigo.ch\/de\/wp-json\/wp\/v2\/media\/239"}],"wp:attachment":[{"href":"https:\/\/www.park-indigo.ch\/de\/wp-json\/wp\/v2\/media?parent=873"}],"wp:term":[{"taxonomy":"category","embeddable":true,"href":"https:\/\/www.park-indigo.ch\/de\/wp-json\/wp\/v2\/categories?post=873"},{"taxonomy":"post_tag","embeddable":true,"href":"https:\/\/www.park-indigo.ch\/de\/wp-json\/wp\/v2\/tags?post=873"}],"curies":[{"name":"wp","href":"https:\/\/api.w.org\/{rel}","templated":true}]}}